{"id":4111,"date":"2026-08-27T09:04:35","date_gmt":"2026-08-27T07:04:35","guid":{"rendered":"https:\/\/davidserra.es\/parcours-des-mondes-2026\/"},"modified":"2026-08-27T09:06:02","modified_gmt":"2026-08-27T07:06:02","slug":"parcours-des-mondes-2026","status":"publish","type":"post","link":"https:\/\/davidserra.es\/fr\/parcours-des-mondes-2026\/","title":{"rendered":"Parcours des Mondes 2026"},"content":{"rendered":"\n<div class=\"wp-block-columns is-layout-flex wp-container-core-columns-is-layout-8f761849 wp-block-columns-is-layout-flex\">\n<div class=\"wp-block-column is-layout-flow wp-block-column-is-layout-flow\" style=\"flex-basis:33.33%\">\n<p class=\"has-text-align-center wp-block-paragraph\"><strong>Date :<\/strong><br\/>8 \u2013 13 septembre<\/p>\n\n\n\n<p class=\"has-text-align-center wp-block-paragraph\"><strong>Lieu :<\/strong><br\/>Paris<br\/><a href=\"https:\/\/www.parcours-des-mondes.com\/\" data-type=\"link\" data-id=\"https:\/\/www.parcours-des-mondes.com\/\" target=\"_blank\" rel=\"noreferrer noopener\">Web Parcours des Mondes<\/a><\/p>\n<\/div>\n\n\n\n<div class=\"wp-block-column is-layout-flow wp-block-column-is-layout-flow\" style=\"flex-basis:66.66%\">\n<p class=\"wp-block-paragraph\">Cette ann\u00e9e, \u00e0 l&rsquo;occasion du Parcours des Mondes, nous vous invitons \u00e0 d\u00e9couvrir notre dernier projet, \u00ab Les Secrets du Sable : Un Voyage Visuel entre la M\u00e9diterran\u00e9e et le Golfe de Guin\u00e9e \u00bb. Un ouvrage qui nous permet d&rsquo;explorer les expressions artistiques des diverses cultures qui peuplent cette vaste r\u00e9gion.<\/p>\n\n\n\n<p class=\"wp-block-paragraph\">Pour cette occasion, l&rsquo;exposition mettra particuli\u00e8rement en lumi\u00e8re la richesse culturelle du Sahel, en pr\u00e9sentant notamment les traditions dogon, bamana et s\u00e9noufo.<\/p>\n\n\n\n<p class=\"wp-block-paragraph\">Nous partageons avec vous ce catalogue en ligne, qui offre un aper\u00e7u des \u0153uvres pr\u00e9sent\u00e9es lors de l&rsquo;exposition.<\/p>\n\n\n\n<p class=\"wp-block-paragraph\">Si vous souhaitez acqu\u00e9rir un exemplaire du livre \u00ab Les Secrets du Sable : Un Voyage Visuel entre la M\u00e9diterran\u00e9e et le Golfe de Guin\u00e9e \u00bb, veuillez nous contacter \u00e0 l&rsquo;adresse <a href=\"mailto:galeria@davidserra.es\">galeria@davidserra.es<\/a><\/p>\n\n\n\n<p class=\"wp-block-paragraph\">Rendez-vous \u00e0 Paris pour le Parcours des Mondes 2026.<\/p>\n\n\n\n<p class=\"wp-block-paragraph\"><strong>L&rsquo;\u00e9quipe de la Galerie David Serra \u2013 Fine Tribal Art<\/strong><\/p>\n\n\n\n<figure class=\"wp-block-image size-full\"><a href=\"https:\/\/online.pubhtml5.com\/mffz\/dcvq\/\" target=\"_blank\" rel=\" noopener\"><img loading=\"lazy\" decoding=\"async\" width=\"400\" height=\"473\" src=\"https:\/\/davidserra.es\/wp-content\/uploads\/2026\/08\/PORTADA_baja_v2.jpg\" alt=\"\" class=\"wp-image-4092\" srcset=\"https:\/\/davidserra.es\/wp-content\/uploads\/2026\/08\/PORTADA_baja_v2.jpg 400w, https:\/\/davidserra.es\/wp-content\/uploads\/2026\/08\/PORTADA_baja_v2-254x300.jpg 254w\" sizes=\"auto, (max-width: 400px) 100vw, 400px\" \/><\/a><\/figure>\n<\/div>\n<\/div>\n","protected":false},"excerpt":{"rendered":"<p>Date :8 \u2013 13 septembre Lieu :ParisWeb Parcours des Mondes Cette ann\u00e9e, \u00e0 l&rsquo;occasion du Parcours des Mondes, nous vous invitons \u00e0 d\u00e9couvrir notre dernier projet, \u00ab Les Secrets du Sable : Un Voyage Visuel entre la M\u00e9diterran\u00e9e et le Golfe de Guin\u00e9e \u00bb. Un<\/p>\n","protected":false},"author":3,"featured_media":3474,"comment_status":"closed","ping_status":"closed","sticky":false,"template":"","format":"standard","meta":{"_uag_custom_page_level_css":"","footnotes":""},"categories":[47],"tags":[],"class_list":["post-4111","post","type-post","status-publish","format-standard","has-post-thumbnail","hentry","category-eventos-fr"],"uagb_featured_image_src":{"full":["https:\/\/davidserra.es\/wp-content\/uploads\/2022\/03\/Logo-pdm-2022-img-destacada-600.jpg",600,508,false],"thumbnail":["https:\/\/davidserra.es\/wp-content\/uploads\/2022\/03\/Logo-pdm-2022-img-destacada-600-150x150.jpg",150,150,true],"medium":["https:\/\/davidserra.es\/wp-content\/uploads\/2022\/03\/Logo-pdm-2022-img-destacada-600-300x254.jpg",300,254,true],"medium_large":["https:\/\/davidserra.es\/wp-content\/uploads\/2022\/03\/Logo-pdm-2022-img-destacada-600.jpg",600,508,false],"large":["https:\/\/davidserra.es\/wp-content\/uploads\/2022\/03\/Logo-pdm-2022-img-destacada-600.jpg",600,508,false],"1536x1536":["https:\/\/davidserra.es\/wp-content\/uploads\/2022\/03\/Logo-pdm-2022-img-destacada-600.jpg",600,508,false],"2048x2048":["https:\/\/davidserra.es\/wp-content\/uploads\/2022\/03\/Logo-pdm-2022-img-destacada-600.jpg",600,508,false],"portfolio-square":["https:\/\/davidserra.es\/wp-content\/uploads\/2022\/03\/Logo-pdm-2022-img-destacada-600-570x508.jpg",570,508,true],"portfolio-portrait":["https:\/\/davidserra.es\/wp-content\/uploads\/2022\/03\/Logo-pdm-2022-img-destacada-600.jpg",600,508,false],"portfolio-landscape":["https:\/\/davidserra.es\/wp-content\/uploads\/2022\/03\/Logo-pdm-2022-img-destacada-600.jpg",600,508,false],"menu-featured-post":["https:\/\/davidserra.es\/wp-content\/uploads\/2022\/03\/Logo-pdm-2022-img-destacada-600-345x198.jpg",345,198,true],"qode-carousel_slider":["https:\/\/davidserra.es\/wp-content\/uploads\/2022\/03\/Logo-pdm-2022-img-destacada-600-400x260.jpg",400,260,true],"portfolio_slider":["https:\/\/davidserra.es\/wp-content\/uploads\/2022\/03\/Logo-pdm-2022-img-destacada-600-500x380.jpg",500,380,true],"portfolio_masonry_regular":["https:\/\/davidserra.es\/wp-content\/uploads\/2022\/03\/Logo-pdm-2022-img-destacada-600-500x500.jpg",500,500,true],"portfolio_masonry_wide":["https:\/\/davidserra.es\/wp-content\/uploads\/2022\/03\/Logo-pdm-2022-img-destacada-600-600x500.jpg",600,500,true],"portfolio_masonry_tall":["https:\/\/davidserra.es\/wp-content\/uploads\/2022\/03\/Logo-pdm-2022-img-destacada-600-500x508.jpg",500,508,true],"portfolio_masonry_large":["https:\/\/davidserra.es\/wp-content\/uploads\/2022\/03\/Logo-pdm-2022-img-destacada-600.jpg",600,508,false],"portfolio_masonry_with_space":["https:\/\/davidserra.es\/wp-content\/uploads\/2022\/03\/Logo-pdm-2022-img-destacada-600.jpg",600,508,false],"latest_post_boxes":["https:\/\/davidserra.es\/wp-content\/uploads\/2022\/03\/Logo-pdm-2022-img-destacada-600-539x303.jpg",539,303,true]},"uagb_author_info":{"display_name":"empiezapori","author_link":"https:\/\/davidserra.es\/fr\/author\/empiezapori\/"},"uagb_comment_info":0,"uagb_excerpt":"Date :8 \u2013 13 septembre Lieu :ParisWeb Parcours des Mondes Cette ann\u00e9e, \u00e0 l&rsquo;occasion du Parcours des Mondes, nous vous invitons \u00e0 d\u00e9couvrir notre dernier projet, \u00ab Les Secrets du Sable : Un Voyage Visuel entre la M\u00e9diterran\u00e9e et le Golfe de Guin\u00e9e \u00bb. Un","_links":{"self":[{"href":"https:\/\/davidserra.es\/fr\/wp-json\/wp\/v2\/posts\/4111","targetHints":{"allow":["GET"]}}],"collection":[{"href":"https:\/\/davidserra.es\/fr\/wp-json\/wp\/v2\/posts"}],"about":[{"href":"https:\/\/davidserra.es\/fr\/wp-json\/wp\/v2\/types\/post"}],"author":[{"embeddable":true,"href":"https:\/\/davidserra.es\/fr\/wp-json\/wp\/v2\/users\/3"}],"replies":[{"embeddable":true,"href":"https:\/\/davidserra.es\/fr\/wp-json\/wp\/v2\/comments?post=4111"}],"version-history":[{"count":3,"href":"https:\/\/davidserra.es\/fr\/wp-json\/wp\/v2\/posts\/4111\/revisions"}],"predecessor-version":[{"id":4116,"href":"https:\/\/davidserra.es\/fr\/wp-json\/wp\/v2\/posts\/4111\/revisions\/4116"}],"wp:featuredmedia":[{"embeddable":true,"href":"https:\/\/davidserra.es\/fr\/wp-json\/wp\/v2\/media\/3474"}],"wp:attachment":[{"href":"https:\/\/davidserra.es\/fr\/wp-json\/wp\/v2\/media?parent=4111"}],"wp:term":[{"taxonomy":"category","embeddable":true,"href":"https:\/\/davidserra.es\/fr\/wp-json\/wp\/v2\/categories?post=4111"},{"taxonomy":"post_tag","embeddable":true,"href":"https:\/\/davidserra.es\/fr\/wp-json\/wp\/v2\/tags?post=4111"}],"curies":[{"name":"wp","href":"https:\/\/api.w.org\/{rel}","templated":true}]}}